{
    "id": 6317,
    "date": "2023-12-15T15:16:06",
    "date_gmt": "2023-12-15T13:16:06",
    "guid": {
        "rendered": "https:\/\/visitoulu.fi\/?p=6317"
    },
    "modified": "2025-05-06T14:17:33",
    "modified_gmt": "2025-05-06T11:17:33",
    "slug": "junalla-pohjoiseen-oulun-kevat-odottaa",
    "status": "publish",
    "type": "post",
    "link": "https:\/\/visitoulufi-2025-10-14_10_27_17.test.cchosting.fi\/fi\/junalla-pohjoiseen-oulun-kevat-odottaa\/",
    "title": {
        "rendered": "Junalla Pohjolaan: Oulun kev\u00e4t odottaa!"
    },
    "content": {
        "rendered": "<p>Junalla voit hetkess\u00e4 l\u00f6yt\u00e4\u00e4 itsesi pohjolan rauhasta. T\u00e4ss\u00e4 muutama vinkki mukavaan junamatkaan kohti Oulua, miss\u00e4 pohjoinen luonto ja kulttuuri kohtaavat.<\/p>",
        "protected": false
    },
    "excerpt": {
        "rendered": "<p>Junalla voit hetkess\u00e4 l\u00f6yt\u00e4\u00e4 itsesi pohjolan rauhasta. T\u00e4ss\u00e4 muutama vinkki mukavaan junamatkaan kohti Oulua, miss\u00e4 pohjoinen luonto ja kulttuuri kohtaavat. [&#8230;]<\/p>\n<p><a class=\"btn btn-secondary understrap-read-more-link\" href=\"https:\/\/visitoulufi-2025-10-14_10_27_17.test.cchosting.fi\/fi\/junalla-pohjoiseen-oulun-kevat-odottaa\/\">Lue lis\u00e4\u00e4&#8230;<span class=\"screen-reader-text\"> from Junalla Pohjolaan: Oulun kev\u00e4t odottaa!<\/span><\/a><\/p>",
        "protected": false
    },
    "author": 20,
    "featured_media": 6338,
    "comment_status": "closed",
    "ping_status": "open",
    "sticky": false,
    "template": "",
    "format": "standard",
    "meta": {
        "_acf_changed": false,
        "content-type": "",
        "footnotes": ""
    },
    "categories": [
        121
    ],
    "tags": [],
    "coauthors": [
        178
    ],
    "class_list": [
        "post-6317",
        "post",
        "type-post",
        "status-publish",
        "format-standard",
        "has-post-thumbnail",
        "hentry",
        "category-vastuullisuus"
    ],
    "acf": [],
    "yoast_head": "<!-- This site is optimized with the Yoast SEO plugin v26.0 - https:\/\/yoast.com\/wordpress\/plugins\/seo\/ -->\n<title>Junalla Pohjolaan: Oulun kev\u00e4t odottaa! - Visit Oulu<\/title>\n<meta name=\"robots\" content=\"index, follow, max-snippet:-1, max-image-preview:large, max-video-preview:-1\" \/>\n<link rel=\"canonical\" href=\"https:\/\/visitoulufi-2025-10-14_10_27_17.test.cchosting.fi\/fi\/junalla-pohjoiseen-oulun-kevat-odottaa\/\" \/>\n<meta property=\"og:locale\" content=\"fi_FI\" \/>\n<meta property=\"og:type\" content=\"article\" \/>\n<meta property=\"og:title\" content=\"Junalla Pohjolaan: Oulun kev\u00e4t odottaa! - Visit Oulu\" \/>\n<meta property=\"og:description\" content=\"Junalla voit hetkess\u00e4 l\u00f6yt\u00e4\u00e4 itsesi pohjolan rauhasta. T\u00e4ss\u00e4 muutama vinkki mukavaan junamatkaan kohti Oulua, miss\u00e4 pohjoinen luonto ja kulttuuri kohtaavat. [...]Lue lis\u00e4\u00e4... from Junalla Pohjolaan: Oulun kev\u00e4t odottaa!\" \/>\n<meta property=\"og:url\" content=\"https:\/\/visitoulufi-2025-10-14_10_27_17.test.cchosting.fi\/fi\/junalla-pohjoiseen-oulun-kevat-odottaa\/\" \/>\n<meta property=\"og:site_name\" content=\"Visit Oulu\" \/>\n<meta property=\"article:published_time\" content=\"2023-12-15T13:16:06+00:00\" \/>\n<meta property=\"article:modified_time\" content=\"2025-05-06T11:17:33+00:00\" \/>\n<meta property=\"og:image\" content=\"https:\/\/visitoulufi-2025-10-14_10_27_17.test.cchosting.fi\/wp-content\/uploads\/2023\/12\/VR_autojuna_kuva_Kirsi_Tuura-scaled.jpg\" \/>\n\t<meta property=\"og:image:width\" content=\"2560\" \/>\n\t<meta property=\"og:image:height\" content=\"1707\" \/>\n\t<meta property=\"og:image:type\" content=\"image\/jpeg\" \/>\n<meta name=\"author\" content=\"Topi Paananen\" \/>\n<meta name=\"twitter:card\" content=\"summary_large_image\" \/>\n<meta name=\"twitter:label1\" content=\"Kirjoittanut\" \/>\n\t<meta name=\"twitter:data1\" content=\"Topi Paananen\" \/>\n\t<meta name=\"twitter:label2\" content=\"Arvioitu lukuaika\" \/>\n\t<meta name=\"twitter:data2\" content=\"3 minuuttia\" \/>\n\t<meta name=\"twitter:label3\" content=\"Written by\" \/>\n\t<meta name=\"twitter:data3\" content=\"Topi Paananen\" \/>\n<script type=\"application\/ld+json\" class=\"yoast-schema-graph\">{\"@context\":\"https:\/\/schema.org\",\"@graph\":[{\"@type\":\"WebPage\",\"@id\":\"https:\/\/visitoulufi-2025-10-14_10_27_17.test.cchosting.fi\/junalla-pohjoiseen-oulun-kevat-odottaa\/\",\"url\":\"https:\/\/visitoulufi-2025-10-14_10_27_17.test.cchosting.fi\/junalla-pohjoiseen-oulun-kevat-odottaa\/\",\"name\":\"Junalla Pohjolaan: Oulun kev\u00e4t odottaa! - Visit Oulu\",\"isPartOf\":{\"@id\":\"https:\/\/visitoulufi-2025-10-14_10_27_17.test.cchosting.fi\/#website\"},\"primaryImageOfPage\":{\"@id\":\"https:\/\/visitoulufi-2025-10-14_10_27_17.test.cchosting.fi\/junalla-pohjoiseen-oulun-kevat-odottaa\/#primaryimage\"},\"image\":{\"@id\":\"https:\/\/visitoulufi-2025-10-14_10_27_17.test.cchosting.fi\/junalla-pohjoiseen-oulun-kevat-odottaa\/#primaryimage\"},\"thumbnailUrl\":\"https:\/\/visitoulufi-2025-10-14_10_27_17.test.cchosting.fi\/wp-content\/uploads\/2023\/12\/VR_autojuna_kuva_Kirsi_Tuura-scaled.jpg\",\"datePublished\":\"2023-12-15T13:16:06+00:00\",\"dateModified\":\"2025-05-06T11:17:33+00:00\",\"author\":{\"@id\":\"https:\/\/visitoulufi-2025-10-14_10_27_17.test.cchosting.fi\/#\/schema\/person\/24789c89e2defd73f0b4843b3bc5a2bb\"},\"breadcrumb\":{\"@id\":\"https:\/\/visitoulufi-2025-10-14_10_27_17.test.cchosting.fi\/junalla-pohjoiseen-oulun-kevat-odottaa\/#breadcrumb\"},\"inLanguage\":\"fi\",\"potentialAction\":[{\"@type\":\"ReadAction\",\"target\":[\"https:\/\/visitoulufi-2025-10-14_10_27_17.test.cchosting.fi\/junalla-pohjoiseen-oulun-kevat-odottaa\/\"]}]},{\"@type\":\"ImageObject\",\"inLanguage\":\"fi\",\"@id\":\"https:\/\/visitoulufi-2025-10-14_10_27_17.test.cchosting.fi\/junalla-pohjoiseen-oulun-kevat-odottaa\/#primaryimage\",\"url\":\"https:\/\/visitoulufi-2025-10-14_10_27_17.test.cchosting.fi\/wp-content\/uploads\/2023\/12\/VR_autojuna_kuva_Kirsi_Tuura-scaled.jpg\",\"contentUrl\":\"https:\/\/visitoulufi-2025-10-14_10_27_17.test.cchosting.fi\/wp-content\/uploads\/2023\/12\/VR_autojuna_kuva_Kirsi_Tuura-scaled.jpg\",\"width\":2560,\"height\":1707,\"caption\":\"VR MATERIAALIPANKKIIN. KUVAAJA KIRSI TUURA ALMA360\"},{\"@type\":\"BreadcrumbList\",\"@id\":\"https:\/\/visitoulufi-2025-10-14_10_27_17.test.cchosting.fi\/junalla-pohjoiseen-oulun-kevat-odottaa\/#breadcrumb\",\"itemListElement\":[{\"@type\":\"ListItem\",\"position\":1,\"name\":\"Etusivu\",\"item\":\"https:\/\/visitoulufi-2025-10-14_10_27_17.test.cchosting.fi\/\"},{\"@type\":\"ListItem\",\"position\":2,\"name\":\"Junalla Pohjolaan: Oulun kev\u00e4t odottaa!\"}]},{\"@type\":\"WebSite\",\"@id\":\"https:\/\/visitoulufi-2025-10-14_10_27_17.test.cchosting.fi\/#website\",\"url\":\"https:\/\/visitoulufi-2025-10-14_10_27_17.test.cchosting.fi\/\",\"name\":\"Visit Oulu\",\"description\":\"\",\"potentialAction\":[{\"@type\":\"SearchAction\",\"target\":{\"@type\":\"EntryPoint\",\"urlTemplate\":\"https:\/\/visitoulufi-2025-10-14_10_27_17.test.cchosting.fi\/?s={search_term_string}\"},\"query-input\":{\"@type\":\"PropertyValueSpecification\",\"valueRequired\":true,\"valueName\":\"search_term_string\"}}],\"inLanguage\":\"fi\"},{\"@type\":\"Person\",\"@id\":\"https:\/\/visitoulufi-2025-10-14_10_27_17.test.cchosting.fi\/#\/schema\/person\/24789c89e2defd73f0b4843b3bc5a2bb\",\"name\":\"Topi Paananen\",\"image\":{\"@type\":\"ImageObject\",\"inLanguage\":\"fi\",\"@id\":\"https:\/\/visitoulufi-2025-10-14_10_27_17.test.cchosting.fi\/#\/schema\/person\/image\/194f6fc830df4f65e06b54e7bc74c470\",\"url\":\"https:\/\/secure.gravatar.com\/avatar\/1a8c1db7c84d0fd7d3b32addde273404d631d887b9d71f68a1fb74487ae566f2?s=96&d=mm&r=g\",\"contentUrl\":\"https:\/\/secure.gravatar.com\/avatar\/1a8c1db7c84d0fd7d3b32addde273404d631d887b9d71f68a1fb74487ae566f2?s=96&d=mm&r=g\",\"caption\":\"Topi Paananen\"},\"url\":\"https:\/\/visitoulufi-2025-10-14_10_27_17.test.cchosting.fi\/fi\/author\/topivisitoulu-fi\/\"}]}<\/script>\n<!-- \/ Yoast SEO plugin. -->",
    "yoast_head_json": {
        "title": "Junalla Pohjolaan: Oulun kev\u00e4t odottaa! - Visit Oulu",
        "robots": {
            "index": "index",
            "follow": "follow",
            "max-snippet": "max-snippet:-1",
            "max-image-preview": "max-image-preview:large",
            "max-video-preview": "max-video-preview:-1"
        },
        "canonical": "https:\/\/visitoulufi-2025-10-14_10_27_17.test.cchosting.fi\/fi\/junalla-pohjoiseen-oulun-kevat-odottaa\/",
        "og_locale": "fi_FI",
        "og_type": "article",
        "og_title": "Junalla Pohjolaan: Oulun kev\u00e4t odottaa! - Visit Oulu",
        "og_description": "Junalla voit hetkess\u00e4 l\u00f6yt\u00e4\u00e4 itsesi pohjolan rauhasta. T\u00e4ss\u00e4 muutama vinkki mukavaan junamatkaan kohti Oulua, miss\u00e4 pohjoinen luonto ja kulttuuri kohtaavat. [...]Lue lis\u00e4\u00e4... from Junalla Pohjolaan: Oulun kev\u00e4t odottaa!",
        "og_url": "https:\/\/visitoulufi-2025-10-14_10_27_17.test.cchosting.fi\/fi\/junalla-pohjoiseen-oulun-kevat-odottaa\/",
        "og_site_name": "Visit Oulu",
        "article_published_time": "2023-12-15T13:16:06+00:00",
        "article_modified_time": "2025-05-06T11:17:33+00:00",
        "og_image": [
            {
                "width": 2560,
                "height": 1707,
                "url": "https:\/\/visitoulufi-2025-10-14_10_27_17.test.cchosting.fi\/wp-content\/uploads\/2023\/12\/VR_autojuna_kuva_Kirsi_Tuura-scaled.jpg",
                "type": "image\/jpeg"
            }
        ],
        "author": "Topi Paananen",
        "twitter_card": "summary_large_image",
        "twitter_misc": {
            "Kirjoittanut": "Topi Paananen",
            "Arvioitu lukuaika": "3 minuuttia",
            "Written by": "Topi Paananen"
        },
        "schema": {
            "@context": "https:\/\/schema.org",
            "@graph": [
                {
                    "@type": "WebPage",
                    "@id": "https:\/\/visitoulufi-2025-10-14_10_27_17.test.cchosting.fi\/junalla-pohjoiseen-oulun-kevat-odottaa\/",
                    "url": "https:\/\/visitoulufi-2025-10-14_10_27_17.test.cchosting.fi\/junalla-pohjoiseen-oulun-kevat-odottaa\/",
                    "name": "Junalla Pohjolaan: Oulun kev\u00e4t odottaa! - Visit Oulu",
                    "isPartOf": {
                        "@id": "https:\/\/visitoulufi-2025-10-14_10_27_17.test.cchosting.fi\/#website"
                    },
                    "primaryImageOfPage": {
                        "@id": "https:\/\/visitoulufi-2025-10-14_10_27_17.test.cchosting.fi\/junalla-pohjoiseen-oulun-kevat-odottaa\/#primaryimage"
                    },
                    "image": {
                        "@id": "https:\/\/visitoulufi-2025-10-14_10_27_17.test.cchosting.fi\/junalla-pohjoiseen-oulun-kevat-odottaa\/#primaryimage"
                    },
                    "thumbnailUrl": "https:\/\/visitoulufi-2025-10-14_10_27_17.test.cchosting.fi\/wp-content\/uploads\/2023\/12\/VR_autojuna_kuva_Kirsi_Tuura-scaled.jpg",
                    "datePublished": "2023-12-15T13:16:06+00:00",
                    "dateModified": "2025-05-06T11:17:33+00:00",
                    "author": {
                        "@id": "https:\/\/visitoulufi-2025-10-14_10_27_17.test.cchosting.fi\/#\/schema\/person\/24789c89e2defd73f0b4843b3bc5a2bb"
                    },
                    "breadcrumb": {
                        "@id": "https:\/\/visitoulufi-2025-10-14_10_27_17.test.cchosting.fi\/junalla-pohjoiseen-oulun-kevat-odottaa\/#breadcrumb"
                    },
                    "inLanguage": "fi",
                    "potentialAction": [
                        {
                            "@type": "ReadAction",
                            "target": [
                                "https:\/\/visitoulufi-2025-10-14_10_27_17.test.cchosting.fi\/junalla-pohjoiseen-oulun-kevat-odottaa\/"
                            ]
                        }
                    ]
                },
                {
                    "@type": "ImageObject",
                    "inLanguage": "fi",
                    "@id": "https:\/\/visitoulufi-2025-10-14_10_27_17.test.cchosting.fi\/junalla-pohjoiseen-oulun-kevat-odottaa\/#primaryimage",
                    "url": "https:\/\/visitoulufi-2025-10-14_10_27_17.test.cchosting.fi\/wp-content\/uploads\/2023\/12\/VR_autojuna_kuva_Kirsi_Tuura-scaled.jpg",
                    "contentUrl": "https:\/\/visitoulufi-2025-10-14_10_27_17.test.cchosting.fi\/wp-content\/uploads\/2023\/12\/VR_autojuna_kuva_Kirsi_Tuura-scaled.jpg",
                    "width": 2560,
                    "height": 1707,
                    "caption": "VR MATERIAALIPANKKIIN. KUVAAJA KIRSI TUURA ALMA360"
                },
                {
                    "@type": "BreadcrumbList",
                    "@id": "https:\/\/visitoulufi-2025-10-14_10_27_17.test.cchosting.fi\/junalla-pohjoiseen-oulun-kevat-odottaa\/#breadcrumb",
                    "itemListElement": [
                        {
                            "@type": "ListItem",
                            "position": 1,
                            "name": "Etusivu",
                            "item": "https:\/\/visitoulufi-2025-10-14_10_27_17.test.cchosting.fi\/"
                        },
                        {
                            "@type": "ListItem",
                            "position": 2,
                            "name": "Junalla Pohjolaan: Oulun kev\u00e4t odottaa!"
                        }
                    ]
                },
                {
                    "@type": "WebSite",
                    "@id": "https:\/\/visitoulufi-2025-10-14_10_27_17.test.cchosting.fi\/#website",
                    "url": "https:\/\/visitoulufi-2025-10-14_10_27_17.test.cchosting.fi\/",
                    "name": "Visit Oulu",
                    "description": "",
                    "potentialAction": [
                        {
                            "@type": "SearchAction",
                            "target": {
                                "@type": "EntryPoint",
                                "urlTemplate": "https:\/\/visitoulufi-2025-10-14_10_27_17.test.cchosting.fi\/?s={search_term_string}"
                            },
                            "query-input": {
                                "@type": "PropertyValueSpecification",
                                "valueRequired": true,
                                "valueName": "search_term_string"
                            }
                        }
                    ],
                    "inLanguage": "fi"
                },
                {
                    "@type": "Person",
                    "@id": "https:\/\/visitoulufi-2025-10-14_10_27_17.test.cchosting.fi\/#\/schema\/person\/24789c89e2defd73f0b4843b3bc5a2bb",
                    "name": "Topi Paananen",
                    "image": {
                        "@type": "ImageObject",
                        "inLanguage": "fi",
                        "@id": "https:\/\/visitoulufi-2025-10-14_10_27_17.test.cchosting.fi\/#\/schema\/person\/image\/194f6fc830df4f65e06b54e7bc74c470",
                        "url": "https:\/\/secure.gravatar.com\/avatar\/1a8c1db7c84d0fd7d3b32addde273404d631d887b9d71f68a1fb74487ae566f2?s=96&d=mm&r=g",
                        "contentUrl": "https:\/\/secure.gravatar.com\/avatar\/1a8c1db7c84d0fd7d3b32addde273404d631d887b9d71f68a1fb74487ae566f2?s=96&d=mm&r=g",
                        "caption": "Topi Paananen"
                    },
                    "url": "https:\/\/visitoulufi-2025-10-14_10_27_17.test.cchosting.fi\/fi\/author\/topivisitoulu-fi\/"
                }
            ]
        }
    },
    "_links": {
        "self": [
            {
                "href": "https:\/\/visitoulufi-2025-10-14_10_27_17.test.cchosting.fi\/fi\/wp-json\/wp\/v2\/posts\/6317",
                "targetHints": {
                    "allow": [
                        "GET"
                    ]
                }
            }
        ],
        "collection": [
            {
                "href": "https:\/\/visitoulufi-2025-10-14_10_27_17.test.cchosting.fi\/fi\/wp-json\/wp\/v2\/posts"
            }
        ],
        "about": [
            {
                "href": "https:\/\/visitoulufi-2025-10-14_10_27_17.test.cchosting.fi\/fi\/wp-json\/wp\/v2\/types\/post"
            }
        ],
        "author": [
            {
                "embeddable": true,
                "href": "https:\/\/visitoulufi-2025-10-14_10_27_17.test.cchosting.fi\/fi\/wp-json\/wp\/v2\/users\/20"
            }
        ],
        "replies": [
            {
                "embeddable": true,
                "href": "https:\/\/visitoulufi-2025-10-14_10_27_17.test.cchosting.fi\/fi\/wp-json\/wp\/v2\/comments?post=6317"
            }
        ],
        "version-history": [
            {
                "count": 17,
                "href": "https:\/\/visitoulufi-2025-10-14_10_27_17.test.cchosting.fi\/fi\/wp-json\/wp\/v2\/posts\/6317\/revisions"
            }
        ],
        "predecessor-version": [
            {
                "id": 10341,
                "href": "https:\/\/visitoulufi-2025-10-14_10_27_17.test.cchosting.fi\/fi\/wp-json\/wp\/v2\/posts\/6317\/revisions\/10341"
            }
        ],
        "wp:featuredmedia": [
            {
                "embeddable": true,
                "href": "https:\/\/visitoulufi-2025-10-14_10_27_17.test.cchosting.fi\/fi\/wp-json\/wp\/v2\/media\/6338"
            }
        ],
        "wp:attachment": [
            {
                "href": "https:\/\/visitoulufi-2025-10-14_10_27_17.test.cchosting.fi\/fi\/wp-json\/wp\/v2\/media?parent=6317"
            }
        ],
        "wp:term": [
            {
                "taxonomy": "category",
                "embeddable": true,
                "href": "https:\/\/visitoulufi-2025-10-14_10_27_17.test.cchosting.fi\/fi\/wp-json\/wp\/v2\/categories?post=6317"
            },
            {
                "taxonomy": "post_tag",
                "embeddable": true,
                "href": "https:\/\/visitoulufi-2025-10-14_10_27_17.test.cchosting.fi\/fi\/wp-json\/wp\/v2\/tags?post=6317"
            },
            {
                "taxonomy": "author",
                "embeddable": true,
                "href": "https:\/\/visitoulufi-2025-10-14_10_27_17.test.cchosting.fi\/fi\/wp-json\/wp\/v2\/coauthors?post=6317"
            }
        ],
        "curies": [
            {
                "name": "wp",
                "href": "https:\/\/api.w.org\/{rel}",
                "templated": true
            }
        ]
    }
}